{"id":8437,"date":"2025-11-12T14:46:55","date_gmt":"2025-11-12T14:46:55","guid":{"rendered":"https:\/\/hd.is\/?p=8437"},"modified":"2025-11-12T14:54:33","modified_gmt":"2025-11-12T14:54:33","slug":"vidurkenning-sem-mannaudshugsandi-fyrirtaeki","status":"publish","type":"post","link":"https:\/\/hd.is\/en\/vidurkenning-sem-mannaudshugsandi-fyrirtaeki\/","title":{"rendered":"Vi\u00f0urkenning sem Mannau\u00f0shugsandi fyrirt\u00e6ki"},"content":{"rendered":"<div data-elementor-type=\"wp-post\" data-elementor-id=\"8437\" class=\"elementor elementor-8437\">\n\t\t\t\t\t\t\t\t\t<section class=\"elementor-section elementor-top-section elementor-element elementor-element-dc2c2ba elementor-section-boxed elementor-section-height-default elementor-section-height-default\" data-id=\"dc2c2ba\" data-element_type=\"section\" data-settings=\"{&quot;jet_parallax_layout_list&quot;:[]}\">\n\t\t\t\t\t\t<div class=\"elementor-container elementor-column-gap-no\">\n\t\t\t\t\t<div class=\"elementor-column elementor-col-100 elementor-top-column elementor-element elementor-element-c0124df\" data-id=\"c0124df\" data-element_type=\"column\">\n\t\t\t<div class=\"elementor-widget-wrap elementor-element-populated\">\n\t\t\t\t\t\t\t\t<div class=\"elementor-element elementor-element-216662c elementor-widget elementor-widget-text-editor\" data-id=\"216662c\" data-element_type=\"widget\" data-widget_type=\"text-editor.default\">\n\t\t\t\t<div class=\"elementor-widget-container\">\n\t\t\t\t\t\t\t<p><strong>HD hefur hloti\u00f0 vi\u00f0urkenningu fr\u00e1 <a href=\"https:\/\/hrmonitor.com\/is\" target=\"_blank\" rel=\"noopener\">HR Monitor<\/a> sem eitt af lei\u00f0andi \u00edslenskum fyrirt\u00e6kjum sem uppfylla str\u00f6ng skilyr\u00f0i til a\u00f0 hlj\u00f3ta titilinn Mannau\u00f0shugsandi fyrirt\u00e6ki 2025.<\/strong><\/p>\n<p>\u00deetta er ekki \u00ed fyrsta sinn sem HD hl\u00fdtur \u00feessa vi\u00f0urkenningu, en fyrirt\u00e6ki\u00f0 hefur fengi\u00f0 hana s\u00ed\u00f0ustu \u00e1rin, sem endurspeglar st\u00f6\u00f0uga og markvissa \u00e1herslu \u00e1 mannau\u00f0 og starfs\u00e1n\u00e6gju.<\/p>\n<p>Til a\u00f0 hlj\u00f3ta \u00feessa vi\u00f0urkenningu \u00fearf fyrirt\u00e6ki a\u00f0 framkv\u00e6ma mannau\u00f0sm\u00e6lingar me\u00f0al allra starfsmanna \u00ed hverjum \u00e1rsfj\u00f3r\u00f0ungi, \u00e1 12 m\u00e1na\u00f0a t\u00edmabili. \u00de\u00e1 \u00fearf a\u00f0 uppl\u00fdsa starfsmenn reglulega um ni\u00f0urst\u00f6\u00f0ur m\u00e6linganna og \u00e1rangur fyrirt\u00e6kisins, auk \u00feess a\u00f0 veita stj\u00f3rnendum yfirs\u00fdn yfir \u00e1rangur einstakra svi\u00f0a, deilda og h\u00f3pa.<\/p>\n<p>Me\u00f0 \u00feessu s\u00fdnir HD \u00ed verki a\u00f0 mannau\u00f0ur fyrirt\u00e6kisins skiptir miklu m\u00e1li og a\u00f0 st\u00f6\u00f0ug eftirfylgni og samtal vi\u00f0 starfsmenn s\u00e9 mikilv\u00e6gur hluti af fram\u00fer\u00f3un fyrirt\u00e6kisins.<\/p>\n<p><em>\u201eM\u00e6lingarnar eru li\u00f0ur \u00ed a\u00f0 gera gott fyrirt\u00e6ki enn betra. \u00de\u00e6r eru fr\u00e1b\u00e6rt verkf\u00e6ri til a\u00f0 f\u00e1 endurgj\u00f6f fr\u00e1 starfsf\u00f3lki, og ni\u00f0urst\u00f6\u00f0urnar n\u00fdtast okkur til a\u00f0 b\u00e6ta starfsumhverfi\u00f0 og koma betur til m\u00f3ts vi\u00f0 f\u00f3lki\u00f0 okkar, sem er lykillinn a\u00f0 okkar g\u00f3\u00f0a \u00e1rangri,\u201c <\/em>segir El\u00edn Hl\u00edf Helgad\u00f3ttir, framkv\u00e6mdastj\u00f3ri mannau\u00f0s.<\/p>\n<p>Hj\u00e1 HD starfar \u00f6flugt og samheldi\u00f0 teymi sem fyrirt\u00e6ki\u00f0 er stolt af \u2013 f\u00f3lk sem vinnur saman a\u00f0 \u00fev\u00ed markmi\u00f0i a\u00f0 skapa j\u00e1kv\u00e6tt og faglegt vinnuumhverfi \u00fear sem hver og einn skiptir m\u00e1li.<\/p>\t\t\t\t\t\t<\/div>\n\t\t\t\t<\/div>\n\t\t\t\t\t<\/div>\n\t\t<\/div>\n\t\t\t\t\t\t\t<\/div>\n\t\t<\/section>\n\t\t\t\t<section class=\"elementor-section elementor-top-section elementor-element elementor-element-58ed287 elementor-section-height-min-height elementor-section-items-top elementor-section-boxed elementor-section-height-default\" data-id=\"58ed287\" data-element_type=\"section\" data-settings=\"{&quot;jet_parallax_layout_list&quot;:[]}\">\n\t\t\t\t\t\t<div class=\"elementor-container elementor-column-gap-no\">\n\t\t\t\t\t<div class=\"elementor-column elementor-col-100 elementor-top-column elementor-element elementor-element-28b1797\" data-id=\"28b1797\" data-element_type=\"column\">\n\t\t\t<div class=\"elementor-widget-wrap elementor-element-populated\">\n\t\t\t\t\t\t\t\t<div class=\"elementor-element elementor-element-bf437e8 elementor-widget__width-initial elementor-absolute elementor-widget elementor-widget-text-editor\" data-id=\"bf437e8\" data-element_type=\"widget\" data-settings=\"{&quot;_position&quot;:&quot;absolute&quot;}\" data-widget_type=\"text-editor.default\">\n\t\t\t\t<div class=\"elementor-widget-container\">\n\t\t\t\t\t\t\t<p><strong>El\u00edn Hl\u00edf Helgad\u00f3ttir, framkv\u00e6mdastj\u00f3ri mannau\u00f0s:\u00a0 <\/strong>&#8222;Mannau\u00f0sm\u00e6lingar gefa okkur reglulega endurgj\u00f6f fr\u00e1 starfsf\u00f3lki og hj\u00e1lpa til vi\u00f0 a\u00f0 b\u00e6ta starfsumhverfi og rekstur.&#8220;<\/p>\t\t\t\t\t\t<\/div>\n\t\t\t\t<\/div>\n\t\t\t\t<div class=\"elementor-element elementor-element-c73fbef elementor-widget elementor-widget-image\" data-id=\"c73fbef\" data-element_type=\"widget\" data-widget_type=\"image.default\">\n\t\t\t\t<div class=\"elementor-widget-container\">\n\t\t\t\t\t\t\t\t\t\t\t\t<figure class=\"wp-caption\">\n\t\t\t\t\t\t\t\t\t\t<img width=\"800\" height=\"534\" src=\"https:\/\/hd.is\/wp-content\/uploads\/2025\/11\/Elin-HD-24sept-20252521-1024x683.jpg\" class=\"attachment-large size-large\" alt=\"\" loading=\"lazy\" srcset=\"https:\/\/hd.is\/wp-content\/uploads\/2025\/11\/Elin-HD-24sept-20252521-1024x683.jpg 1024w, https:\/\/hd.is\/wp-content\/uploads\/2025\/11\/Elin-HD-24sept-20252521-300x200.jpg 300w, https:\/\/hd.is\/wp-content\/uploads\/2025\/11\/Elin-HD-24sept-20252521-768x512.jpg 768w, https:\/\/hd.is\/wp-content\/uploads\/2025\/11\/Elin-HD-24sept-20252521-1536x1025.jpg 1536w, https:\/\/hd.is\/wp-content\/uploads\/2025\/11\/Elin-HD-24sept-20252521-18x12.jpg 18w\" sizes=\"(max-width: 800px) 100vw, 800px\" \/>\t\t\t\t\t\t\t\t\t\t\t<figcaption class=\"widget-image-caption wp-caption-text\"><\/figcaption>\n\t\t\t\t\t\t\t\t\t\t<\/figure>\n\t\t\t\t\t\t\t\t\t<\/div>\n\t\t\t\t<\/div>\n\t\t\t\t\t<\/div>\n\t\t<\/div>\n\t\t\t\t\t\t\t<\/div>\n\t\t<\/section>\n\t\t\t\t<section class=\"elementor-section elementor-top-section elementor-element elementor-element-eb1431b elementor-section-boxed elementor-section-height-default elementor-section-height-default\" data-id=\"eb1431b\" data-element_type=\"section\" data-settings=\"{&quot;jet_parallax_layout_list&quot;:[]}\">\n\t\t\t\t\t\t<div class=\"elementor-container elementor-column-gap-default\">\n\t\t\t\t\t<div class=\"elementor-column elementor-col-100 elementor-top-column elementor-element elementor-element-7d51117\" data-id=\"7d51117\" data-element_type=\"column\">\n\t\t\t<div class=\"elementor-widget-wrap elementor-element-populated\">\n\t\t\t\t\t\t\t\t<div class=\"elementor-element elementor-element-a5a6851 elementor-widget elementor-widget-image\" data-id=\"a5a6851\" data-element_type=\"widget\" data-widget_type=\"image.default\">\n\t\t\t\t<div class=\"elementor-widget-container\">\n\t\t\t\t\t\t\t\t\t\t\t\t\t\t\t<img width=\"800\" height=\"576\" src=\"https:\/\/hd.is\/wp-content\/uploads\/2025\/11\/Mannaudshugsandi-fyrirtaeki-1.jpg\" class=\"attachment-large size-large\" alt=\"\" loading=\"lazy\" srcset=\"https:\/\/hd.is\/wp-content\/uploads\/2025\/11\/Mannaudshugsandi-fyrirtaeki-1.jpg 1005w, https:\/\/hd.is\/wp-content\/uploads\/2025\/11\/Mannaudshugsandi-fyrirtaeki-1-300x216.jpg 300w, https:\/\/hd.is\/wp-content\/uploads\/2025\/11\/Mannaudshugsandi-fyrirtaeki-1-768x553.jpg 768w, https:\/\/hd.is\/wp-content\/uploads\/2025\/11\/Mannaudshugsandi-fyrirtaeki-1-18x12.jpg 18w\" sizes=\"(max-width: 800px) 100vw, 800px\" \/>\t\t\t\t\t\t\t\t\t\t\t\t\t\t\t<\/div>\n\t\t\t\t<\/div>\n\t\t\t\t\t<\/div>\n\t\t<\/div>\n\t\t\t\t\t\t\t<\/div>\n\t\t<\/section>\n\t\t\t\t\t\t\t<\/div>","protected":false},"excerpt":{"rendered":"<p>HD hefur hloti\u00f0 vi\u00f0urkenningu fr\u00e1 HR Monitor sem eitt af lei\u00f0andi \u00edslenskum fyrirt\u00e6kjum sem uppfylla str\u00f6ng skilyr\u00f0i til a\u00f0 hlj\u00f3ta titilinn Mannau\u00f0shugsandi fyrirt\u00e6ki 2025.<br \/>\n\u00deetta er ekki \u00ed fyrsta sinn sem HD hl\u00fdtur \u00feessa vi\u00f0urkenningu, en fyrirt\u00e6ki\u00f0 hefur fengi\u00f0 hana s\u00ed\u00f0ustu \u00e1rin, sem endurspeglar st\u00f6\u00f0uga og markvissa \u00e1herslu \u00e1 mannau\u00f0 og starfs\u00e1n\u00e6gju.<\/p>","protected":false},"author":10,"featured_media":8438,"comment_status":"closed","ping_status":"closed","sticky":false,"template":"elementor_theme","format":"standard","meta":{"button-type":"None","external-link-url":"","video-lightbox-url":"","button-color":"#FFD200","button-text":""},"categories":[47],"tags":[105,104],"_links":{"self":[{"href":"https:\/\/hd.is\/en\/wp-json\/wp\/v2\/posts\/8437"}],"collection":[{"href":"https:\/\/hd.is\/en\/wp-json\/wp\/v2\/posts"}],"about":[{"href":"https:\/\/hd.is\/en\/wp-json\/wp\/v2\/types\/post"}],"author":[{"embeddable":true,"href":"https:\/\/hd.is\/en\/wp-json\/wp\/v2\/users\/10"}],"replies":[{"embeddable":true,"href":"https:\/\/hd.is\/en\/wp-json\/wp\/v2\/comments?post=8437"}],"version-history":[{"count":5,"href":"https:\/\/hd.is\/en\/wp-json\/wp\/v2\/posts\/8437\/revisions"}],"predecessor-version":[{"id":8443,"href":"https:\/\/hd.is\/en\/wp-json\/wp\/v2\/posts\/8437\/revisions\/8443"}],"wp:featuredmedia":[{"embeddable":true,"href":"https:\/\/hd.is\/en\/wp-json\/wp\/v2\/media\/8438"}],"wp:attachment":[{"href":"https:\/\/hd.is\/en\/wp-json\/wp\/v2\/media?parent=8437"}],"wp:term":[{"taxonomy":"category","embeddable":true,"href":"https:\/\/hd.is\/en\/wp-json\/wp\/v2\/categories?post=8437"},{"taxonomy":"post_tag","embeddable":true,"href":"https:\/\/hd.is\/en\/wp-json\/wp\/v2\/tags?post=8437"}],"curies":[{"name":"wp","href":"https:\/\/api.w.org\/{rel}","templated":true}]}}