{"id":7766,"date":"2025-05-13T16:10:40","date_gmt":"2025-05-13T16:10:40","guid":{"rendered":"https:\/\/hd.is\/?p=7766"},"modified":"2025-05-14T13:15:50","modified_gmt":"2025-05-14T13:15:50","slug":"hd-tekur-thatt-i-samorkuthingi-2025","status":"publish","type":"post","link":"https:\/\/hd.is\/en\/hd-tekur-thatt-i-samorkuthingi-2025\/","title":{"rendered":"HD tekur \u00fe\u00e1tt \u00ed Samorku\u00feingi 2025"},"content":{"rendered":"<div data-elementor-type=\"wp-post\" data-elementor-id=\"7766\" class=\"elementor elementor-7766\">\n\t\t\t\t\t\t\t\t\t<section class=\"elementor-section elementor-top-section elementor-element elementor-element-dc2c2ba elementor-section-boxed elementor-section-height-default elementor-section-height-default\" data-id=\"dc2c2ba\" data-element_type=\"section\" data-settings=\"{&quot;jet_parallax_layout_list&quot;:[]}\">\n\t\t\t\t\t\t<div class=\"elementor-container elementor-column-gap-no\">\n\t\t\t\t\t<div class=\"elementor-column elementor-col-100 elementor-top-column elementor-element elementor-element-c0124df\" data-id=\"c0124df\" data-element_type=\"column\">\n\t\t\t<div class=\"elementor-widget-wrap elementor-element-populated\">\n\t\t\t\t\t\t\t\t<div class=\"elementor-element elementor-element-216662c elementor-widget elementor-widget-text-editor\" data-id=\"216662c\" data-element_type=\"widget\" data-widget_type=\"text-editor.default\">\n\t\t\t\t<div class=\"elementor-widget-container\">\n\t\t\t\t\t\t\t<h3>Vi\u00f0<strong> st\u00f6ndum v\u00f6r\u00f0 um rekstrar\u00f6ryggi orkuinnvi\u00f0a<\/strong><\/h3><p>HD tekur \u00fe\u00e1tt \u00ed <strong>Samorku\u00feingi 2025<\/strong>, sem fer fram \u00ed Hofi \u00e1 Akureyri dagana <strong>22.\u201323. ma\u00ed<\/strong>. \u00c1 \u00fej\u00f3nustu- og v\u00f6rus\u00fdningu r\u00e1\u00f0stefnunnar munu s\u00e9rfr\u00e6\u00f0ingar HD kynna \u00fej\u00f3nustuframbo\u00f0 sitt og r\u00e6\u00f0a vi\u00f0 gesti um lausnir framt\u00ed\u00f0arinnar \u00ed orku- og veitum\u00e1lum.<\/p><p>Samorku\u00feing er st\u00e6rsta r\u00e1\u00f0stefna landsins \u00e1 svi\u00f0i orku og veitna og er haldi\u00f0 \u00e1 \u00feriggja \u00e1ra fresti. \u00cd \u00e1r er gert r\u00e1\u00f0 fyrir yfir 500 gestum og fj\u00f6lbreyttri dagskr\u00e1 a\u00f0 vanda.<\/p><p>HD tekur einnig virkan \u00fe\u00e1tt \u00ed dagskr\u00e1 \u00feingsin. <strong>\u00c1rni Jakob \u00d3lafsson<\/strong>, deildarstj\u00f3ri virkjana, ver\u00f0ur me\u00f0 erindi \u00ed a\u00f0aldagskr\u00e1; <em>\u201eSj\u00e1lfb\u00e6rni \u00ed vi\u00f0halds- og vi\u00f0brag\u00f0sgetu \u2013 lykil\u00fe\u00e1ttur \u00ed rekstrar\u00f6ryggi orkuinnvi\u00f0a\u201c<\/em>. Jafnframt ver\u00f0ur <strong>S\u00edmon \u00de\u00f3r Hansen<\/strong>, t\u00e6knilegur r\u00e1\u00f0gjafi, me\u00f0 \u00f6rerindi \u00ed s\u00e9rstakri dagskr\u00e1 s\u00fdnenda, \u00fear sem hann fjallar um hvernig HD \u00fej\u00f3nustar hitaveitur me\u00f0 rekstrar\u00f6ryggi a\u00f0 lei\u00f0arlj\u00f3si.<\/p><p>Vi\u00f0 hvetjum gesti Samorku\u00feings til a\u00f0 l\u00edta vi\u00f0 \u00ed b\u00e1s HD, spjalla vi\u00f0 s\u00e9rfr\u00e6\u00f0inga okkar og kynna s\u00e9r hvernig vi\u00f0 st\u00f6ndum v\u00f6r\u00f0 um rekstrar\u00f6ryggi orkukerfa um allt land.<\/p>\t\t\t\t\t\t<\/div>\n\t\t\t\t<\/div>\n\t\t\t\t\t<\/div>\n\t\t<\/div>\n\t\t\t\t\t\t\t<\/div>\n\t\t<\/section>\n\t\t\t\t<section class=\"elementor-section elementor-top-section elementor-element elementor-element-58ed287 elementor-section-height-min-height elementor-section-items-top elementor-section-boxed elementor-section-height-default\" data-id=\"58ed287\" data-element_type=\"section\" data-settings=\"{&quot;jet_parallax_layout_list&quot;:[]}\">\n\t\t\t\t\t\t<div class=\"elementor-container elementor-column-gap-no\">\n\t\t\t\t\t<div class=\"elementor-column elementor-col-100 elementor-top-column elementor-element elementor-element-28b1797\" data-id=\"28b1797\" data-element_type=\"column\">\n\t\t\t<div class=\"elementor-widget-wrap elementor-element-populated\">\n\t\t\t\t\t\t\t\t<div class=\"elementor-element elementor-element-bf437e8 elementor-widget__width-initial elementor-absolute elementor-widget elementor-widget-text-editor\" data-id=\"bf437e8\" data-element_type=\"widget\" data-settings=\"{&quot;_position&quot;:&quot;absolute&quot;}\" data-widget_type=\"text-editor.default\">\n\t\t\t\t<div class=\"elementor-widget-container\">\n\t\t\t\t\t\t\t<p><strong>Vi\u00f0 st\u00f6ndum v\u00f6r\u00f0 um rekstrar\u00f6ryggi orkuinnvi\u00f0a \u00cdslands<\/strong><\/p>\t\t\t\t\t\t<\/div>\n\t\t\t\t<\/div>\n\t\t\t\t<div class=\"elementor-element elementor-element-c73fbef elementor-widget elementor-widget-image\" data-id=\"c73fbef\" data-element_type=\"widget\" data-widget_type=\"image.default\">\n\t\t\t\t<div class=\"elementor-widget-container\">\n\t\t\t\t\t\t\t\t\t\t\t\t\t\t\t<img width=\"800\" height=\"369\" src=\"https:\/\/hd.is\/wp-content\/uploads\/2025\/05\/Screenshot-2025-Shutterstock-mynd-1024x472.png\" class=\"attachment-large size-large\" alt=\"Nesjavellir\" loading=\"lazy\" srcset=\"https:\/\/hd.is\/wp-content\/uploads\/2025\/05\/Screenshot-2025-Shutterstock-mynd-1024x472.png 1024w, https:\/\/hd.is\/wp-content\/uploads\/2025\/05\/Screenshot-2025-Shutterstock-mynd-300x138.png 300w, https:\/\/hd.is\/wp-content\/uploads\/2025\/05\/Screenshot-2025-Shutterstock-mynd-768x354.png 768w, https:\/\/hd.is\/wp-content\/uploads\/2025\/05\/Screenshot-2025-Shutterstock-mynd-18x8.png 18w, https:\/\/hd.is\/wp-content\/uploads\/2025\/05\/Screenshot-2025-Shutterstock-mynd.png 1298w\" sizes=\"(max-width: 800px) 100vw, 800px\" \/>\t\t\t\t\t\t\t\t\t\t\t\t\t\t\t<\/div>\n\t\t\t\t<\/div>\n\t\t\t\t\t<\/div>\n\t\t<\/div>\n\t\t\t\t\t\t\t<\/div>\n\t\t<\/section>\n\t\t\t\t\t\t\t<\/div>","protected":false},"excerpt":{"rendered":"<p>HD Dagurinn er vi\u00f0bur\u00f0ur \u00fear sem vi\u00f0 bj\u00f3\u00f0um vi\u00f0skiptavinum upp \u00e1 fr\u00e6\u00f0andi erindi <\/p>","protected":false},"author":10,"featured_media":7769,"comment_status":"open","ping_status":"closed","sticky":false,"template":"elementor_theme","format":"standard","meta":{"button-type":"None","external-link-url":"","video-lightbox-url":"","button-color":"#FFD200","button-text":""},"categories":[47],"tags":[70,69,59],"_links":{"self":[{"href":"https:\/\/hd.is\/en\/wp-json\/wp\/v2\/posts\/7766"}],"collection":[{"href":"https:\/\/hd.is\/en\/wp-json\/wp\/v2\/posts"}],"about":[{"href":"https:\/\/hd.is\/en\/wp-json\/wp\/v2\/types\/post"}],"author":[{"embeddable":true,"href":"https:\/\/hd.is\/en\/wp-json\/wp\/v2\/users\/10"}],"replies":[{"embeddable":true,"href":"https:\/\/hd.is\/en\/wp-json\/wp\/v2\/comments?post=7766"}],"version-history":[{"count":11,"href":"https:\/\/hd.is\/en\/wp-json\/wp\/v2\/posts\/7766\/revisions"}],"predecessor-version":[{"id":7799,"href":"https:\/\/hd.is\/en\/wp-json\/wp\/v2\/posts\/7766\/revisions\/7799"}],"wp:featuredmedia":[{"embeddable":true,"href":"https:\/\/hd.is\/en\/wp-json\/wp\/v2\/media\/7769"}],"wp:attachment":[{"href":"https:\/\/hd.is\/en\/wp-json\/wp\/v2\/media?parent=7766"}],"wp:term":[{"taxonomy":"category","embeddable":true,"href":"https:\/\/hd.is\/en\/wp-json\/wp\/v2\/categories?post=7766"},{"taxonomy":"post_tag","embeddable":true,"href":"https:\/\/hd.is\/en\/wp-json\/wp\/v2\/tags?post=7766"}],"curies":[{"name":"wp","href":"https:\/\/api.w.org\/{rel}","templated":true}]}}