{"id":7670,"date":"2025-04-15T13:31:07","date_gmt":"2025-04-15T13:31:07","guid":{"rendered":"https:\/\/hd.is\/?p=7670"},"modified":"2025-04-15T13:33:28","modified_gmt":"2025-04-15T13:33:28","slug":"vel-heppnadur-hd-dagur","status":"publish","type":"post","link":"https:\/\/hd.is\/en\/vel-heppnadur-hd-dagur\/","title":{"rendered":"Vel heppna\u00f0ur HD Dagur"},"content":{"rendered":"<div data-elementor-type=\"wp-post\" data-elementor-id=\"7670\" class=\"elementor elementor-7670\">\n\t\t\t\t\t\t\t\t\t<section class=\"elementor-section elementor-top-section elementor-element elementor-element-dc2c2ba elementor-section-boxed elementor-section-height-default elementor-section-height-default\" data-id=\"dc2c2ba\" data-element_type=\"section\" data-settings=\"{&quot;jet_parallax_layout_list&quot;:[]}\">\n\t\t\t\t\t\t<div class=\"elementor-container elementor-column-gap-no\">\n\t\t\t\t\t<div class=\"elementor-column elementor-col-100 elementor-top-column elementor-element elementor-element-c0124df\" data-id=\"c0124df\" data-element_type=\"column\">\n\t\t\t<div class=\"elementor-widget-wrap elementor-element-populated\">\n\t\t\t\t\t\t\t\t<div class=\"elementor-element elementor-element-216662c elementor-widget elementor-widget-text-editor\" data-id=\"216662c\" data-element_type=\"widget\" data-widget_type=\"text-editor.default\">\n\t\t\t\t<div class=\"elementor-widget-container\">\n\t\t\t\t\t\t\t<p><strong>HD Dagurinn f\u00f3r fram \u00feann 10. apr\u00edl vi\u00f0 g\u00f3\u00f0ar undirtektir. \u00de\u00e1tttakendur komu v\u00ed\u00f0a a\u00f0 og \u00far \u00f6llum \u00feeim geirum sem HD \u00fej\u00f3nustar. Vi\u00f0bur\u00f0urinn einkenndist af j\u00e1kv\u00e6\u00f0um anda og var vettvangur fyrir gefandi samt\u00f6l milli gesta, s\u00e9rfr\u00e6\u00f0inga og birgja.<\/strong><\/p><p>\u00c1 dagskr\u00e1 voru fj\u00f6lbreytt og fr\u00e6\u00f0andi erindi \u00e1samt kynningum \u00e1 n\u00fdjustu t\u00e6knilausnum.<br \/>\u00c1rni Rafn G\u00edslason, forstj\u00f3ri HD, kynnti f\u00e9lagi\u00f0 sem \u00fej\u00f3nustua\u00f0ila me\u00f0 \u00f6fluga og s\u00e9rh\u00e6f\u00f0a i\u00f0n- og t\u00e6kni\u00fej\u00f3nustu bygg\u00f0a \u00e1 reynslu og \u00feekkingu.<\/p><p>L\u00fd\u00f0ur Sk\u00falason, svi\u00f0sstj\u00f3ri orku- og umhverfisi\u00f0na\u00f0ar, lag\u00f0i \u00e1herslu \u00e1 s\u00e9rh\u00e6fingu HD \u00ed \u00fej\u00f3nustu vi\u00f0 orkui\u00f0na\u00f0inn sem lykilatri\u00f0i \u00ed a\u00f0 l\u00e1gmarka ni\u00f0rit\u00edma og stu\u00f0la \u00feannig a\u00f0 rekstrar\u00f6ryggi orkumannvirkja. Hann benti jafnframt \u00e1 a\u00f0 HD s\u00e9 eina fyrirt\u00e6ki\u00f0 \u00e1 \u00cdslandi me\u00f0 s\u00e9rh\u00e6f\u00f0a a\u00f0st\u00f6\u00f0u til vi\u00f0ger\u00f0a \u00e1 r\u00f3t\u00f3rum fyrir jar\u00f0varmavirkjanir.<\/p><p>\u00deorleifur Halld\u00f3rsson, verkstj\u00f3ri skipavi\u00f0ger\u00f0a, kynnti hvernig HD \u00fej\u00f3nustar innlend og erlend \u00fatger\u00f0arfyrirt\u00e6ki me\u00f0 vi\u00f0haldi og vi\u00f0ger\u00f0um \u00e1 lykilb\u00fana\u00f0i, \u00fear sem s\u00e9rfr\u00e6\u00f0i\u00feekking, skj\u00f3t vi\u00f0br\u00f6g\u00f0 og gott skipulag r\u00e1\u00f0a \u00farslitum. Sama hversu krefjandi verkefni e\u00f0a \u00fer\u00f6ngir t\u00edmarammar eru \u2013 vi\u00f0horfi\u00f0 innan HD er sk\u00fdrt:<br \/>\u201e<em>\u00deetta er ekkert m\u00e1l \u2013 bara vinna<\/em>.\u201c<\/p><p>\u00d3ttar Freyr Einarsson, s\u00e9rfr\u00e6\u00f0ingur \u00ed ska\u00f0lausum pr\u00f3funum, gaf inns\u00fdn \u00ed notkun gervigreindar og kosti fyrirbyggjandi \u00e1standssko\u00f0ana \u2013 t\u00e6kni sem styrkir rekstrar\u00f6ryggi og gerir fyrirt\u00e6kjum kleift a\u00f0 breg\u00f0ast vi\u00f0 \u00e1\u00f0ur en bilanir koma fram.<\/p><p>Sunna Bj\u00f6rk Helgad\u00f3ttir, framkv\u00e6mdastj\u00f3ri t\u00e6knisvi\u00f0s HS Orku, greindi a\u00f0 lokum fr\u00e1 g\u00f3\u00f0u samstarfi vi\u00f0 HD vi\u00f0 st\u00e6kkun Reykjanesvirkjunar \u2013 t\u00e6knilega krefjandi verkefni sem kalla\u00f0i \u00e1 n\u00e1i\u00f0 samspil og \u00fatsj\u00f3narsemi. H\u00fan lag\u00f0i \u00e1herslu \u00e1 mikilv\u00e6gi uppit\u00edma \u00ed rekstri orkuvera, \u00fear sem \u00f3v\u00e6nt st\u00f6\u00f0vun v\u00e9lar getur kosta\u00f0 margar millj\u00f3nir kr\u00f3na \u00e1 dag.<\/p><p>Vi\u00f0 \u00fe\u00f6kkum \u00f6llum \u00feeim sem t\u00f3ku \u00fe\u00e1tt \u00ed HD deginum fyrir \u00e1n\u00e6gjulega samveru og gagnlegar umr\u00e6\u00f0ur \u2013 og hl\u00f6kkum til \u00e1framhaldandi samstarfs vi\u00f0 \u00edslenskt atvinnul\u00edf.<\/p><p><span lang=\"IS\">Vi\u00f0 hl\u00f6kkum til \u00e1framhaldandi samstarfs og \u00feess a\u00f0 vera \u00e1fram traustur samstarfsa\u00f0ili fyrir \u00edslenskt atvinnul\u00edf.<\/span><\/p>\t\t\t\t\t\t<\/div>\n\t\t\t\t<\/div>\n\t\t\t\t\t<\/div>\n\t\t<\/div>\n\t\t\t\t\t\t\t<\/div>\n\t\t<\/section>\n\t\t\t\t<section class=\"elementor-section elementor-top-section elementor-element elementor-element-58ed287 elementor-section-height-min-height elementor-section-items-top elementor-section-boxed elementor-section-height-default\" data-id=\"58ed287\" data-element_type=\"section\" data-settings=\"{&quot;jet_parallax_layout_list&quot;:[]}\">\n\t\t\t\t\t\t<div class=\"elementor-container elementor-column-gap-no\">\n\t\t\t\t\t<div class=\"elementor-column elementor-col-100 elementor-top-column elementor-element elementor-element-28b1797\" data-id=\"28b1797\" data-element_type=\"column\">\n\t\t\t<div class=\"elementor-widget-wrap elementor-element-populated\">\n\t\t\t\t\t\t\t\t<div class=\"elementor-element elementor-element-c73fbef elementor-widget elementor-widget-image\" data-id=\"c73fbef\" data-element_type=\"widget\" data-widget_type=\"image.default\">\n\t\t\t\t<div class=\"elementor-widget-container\">\n\t\t\t\t\t\t\t\t\t\t\t\t\t\t\t<img width=\"768\" height=\"1024\" src=\"https:\/\/hd.is\/wp-content\/uploads\/2025\/04\/att.3zDYRu7vwe1VT83I7VIT66Qji3VjQPTZT6jqeNUPozg-2-768x1024.jpeg\" class=\"attachment-large size-large\" alt=\"\" loading=\"lazy\" srcset=\"https:\/\/hd.is\/wp-content\/uploads\/2025\/04\/att.3zDYRu7vwe1VT83I7VIT66Qji3VjQPTZT6jqeNUPozg-2-768x1024.jpeg 768w, https:\/\/hd.is\/wp-content\/uploads\/2025\/04\/att.3zDYRu7vwe1VT83I7VIT66Qji3VjQPTZT6jqeNUPozg-2-225x300.jpeg 225w, https:\/\/hd.is\/wp-content\/uploads\/2025\/04\/att.3zDYRu7vwe1VT83I7VIT66Qji3VjQPTZT6jqeNUPozg-2-1152x1536.jpeg 1152w, https:\/\/hd.is\/wp-content\/uploads\/2025\/04\/att.3zDYRu7vwe1VT83I7VIT66Qji3VjQPTZT6jqeNUPozg-2-9x12.jpeg 9w, https:\/\/hd.is\/wp-content\/uploads\/2025\/04\/att.3zDYRu7vwe1VT83I7VIT66Qji3VjQPTZT6jqeNUPozg-2.jpeg 1536w\" sizes=\"(max-width: 768px) 100vw, 768px\" \/>\t\t\t\t\t\t\t\t\t\t\t\t\t\t\t<\/div>\n\t\t\t\t<\/div>\n\t\t\t\t\t<\/div>\n\t\t<\/div>\n\t\t\t\t\t\t\t<\/div>\n\t\t<\/section>\n\t\t\t\t\t\t\t<\/div>","protected":false},"excerpt":{"rendered":"<p>HD Dagurinn f\u00f3r fram \u00ed s\u00ed\u00f0ustu viku vi\u00f0 g\u00f3\u00f0ar undirtektir. Vi\u00f0bur\u00f0urinn einkenndist af g\u00f3\u00f0ri \u00fe\u00e1ttt\u00f6ku, j\u00e1kv\u00e6\u00f0um anda og fr\u00e1b\u00e6rum samt\u00f6lum milli \u00fe\u00e1tttakenda, s\u00e9rfr\u00e6\u00f0inga og birgja.<\/p>","protected":false},"author":10,"featured_media":7673,"comment_status":"open","ping_status":"closed","sticky":false,"template":"elementor_theme","format":"standard","meta":{"button-type":"None","external-link-url":"","video-lightbox-url":"","button-color":"#FFD200","button-text":""},"categories":[47],"tags":[67],"_links":{"self":[{"href":"https:\/\/hd.is\/en\/wp-json\/wp\/v2\/posts\/7670"}],"collection":[{"href":"https:\/\/hd.is\/en\/wp-json\/wp\/v2\/posts"}],"about":[{"href":"https:\/\/hd.is\/en\/wp-json\/wp\/v2\/types\/post"}],"author":[{"embeddable":true,"href":"https:\/\/hd.is\/en\/wp-json\/wp\/v2\/users\/10"}],"replies":[{"embeddable":true,"href":"https:\/\/hd.is\/en\/wp-json\/wp\/v2\/comments?post=7670"}],"version-history":[{"count":4,"href":"https:\/\/hd.is\/en\/wp-json\/wp\/v2\/posts\/7670\/revisions"}],"predecessor-version":[{"id":7677,"href":"https:\/\/hd.is\/en\/wp-json\/wp\/v2\/posts\/7670\/revisions\/7677"}],"wp:featuredmedia":[{"embeddable":true,"href":"https:\/\/hd.is\/en\/wp-json\/wp\/v2\/media\/7673"}],"wp:attachment":[{"href":"https:\/\/hd.is\/en\/wp-json\/wp\/v2\/media?parent=7670"}],"wp:term":[{"taxonomy":"category","embeddable":true,"href":"https:\/\/hd.is\/en\/wp-json\/wp\/v2\/categories?post=7670"},{"taxonomy":"post_tag","embeddable":true,"href":"https:\/\/hd.is\/en\/wp-json\/wp\/v2\/tags?post=7670"}],"curies":[{"name":"wp","href":"https:\/\/api.w.org\/{rel}","templated":true}]}}