{"id":7428,"date":"2025-03-28T12:20:45","date_gmt":"2025-03-28T12:20:45","guid":{"rendered":"https:\/\/hd.is\/?p=7428"},"modified":"2025-03-28T12:21:33","modified_gmt":"2025-03-28T12:21:33","slug":"hd-tekur-thatt-i-skrufudeginum","status":"publish","type":"post","link":"https:\/\/hd.is\/en\/hd-tekur-thatt-i-skrufudeginum\/","title":{"rendered":"HD tekur \u00fe\u00e1tt \u00ed Skr\u00fafudeginum"},"content":{"rendered":"<div data-elementor-type=\"wp-post\" data-elementor-id=\"7428\" class=\"elementor elementor-7428\">\n\t\t\t\t\t\t\t\t\t<section class=\"elementor-section elementor-top-section elementor-element elementor-element-dc2c2ba elementor-section-boxed elementor-section-height-default elementor-section-height-default\" data-id=\"dc2c2ba\" data-element_type=\"section\" data-settings=\"{&quot;jet_parallax_layout_list&quot;:[]}\">\n\t\t\t\t\t\t<div class=\"elementor-container elementor-column-gap-no\">\n\t\t\t\t\t<div class=\"elementor-column elementor-col-100 elementor-top-column elementor-element elementor-element-c0124df\" data-id=\"c0124df\" data-element_type=\"column\">\n\t\t\t<div class=\"elementor-widget-wrap elementor-element-populated\">\n\t\t\t\t\t\t\t\t<div class=\"elementor-element elementor-element-216662c elementor-widget elementor-widget-text-editor\" data-id=\"216662c\" data-element_type=\"widget\" data-widget_type=\"text-editor.default\">\n\t\t\t\t<div class=\"elementor-widget-container\">\n\t\t\t\t\t\t\t<h3>HD ver\u00f0ur me\u00f0 \u00ed Skr\u00fafudeginum sem fram fer \u00ed T\u00e6knisk\u00f3lanum, laugardaginn 29. mars.<\/h3><p><a href=\"https:\/\/tskoli.is\/frettir\/skrufudagurinn\/\" target=\"_blank\" rel=\"noopener\">Skr\u00fafudagurinn<\/a> er \u00e1rlegur kynningardagur nemenda \u00ed V\u00e9lt\u00e6kni- og Skipstj\u00f3rnarsk\u00f3la T\u00e6knisk\u00f3lans og hefur skapa\u00f0 s\u00e9r or\u00f0spor sem skemmtilegur og fr\u00e6\u00f0andi vi\u00f0bur\u00f0ur fyrir unga sem aldna. Vi\u00f0bur\u00f0urinn er einnig s\u00e9rstakur fyrir fyrrum nemendur sk\u00f3lans sem f\u00e1 t\u00e6kif\u00e6ri til a\u00f0 taka \u00fe\u00e1tt og rifja upp g\u00f3\u00f0ar minningar fr\u00e1 n\u00e1ms\u00e1runum.<\/p><p>Fulltr\u00faar fr\u00e1 HD ver\u00f0a \u00e1 sta\u00f0num til a\u00f0 kynna fyrirt\u00e6ki\u00f0 og \u00feau fj\u00f6lbreyttu verkefni sem \u00ed bo\u00f0i eru tengd v\u00e9lb\u00fana\u00f0i, st\u00e1lsm\u00ed\u00f0i og t\u00e6kni\u00fej\u00f3nustu. HD er spennandi vinnusta\u00f0ur sem b\u00fd\u00f0ur upp \u00e1 fj\u00f6lbreytt verkefni og sty\u00f0ur vi\u00f0 framt\u00ed\u00f0ar fagmenn me\u00f0 nemastyrkjum og t\u00e6kif\u00e6rum til a\u00f0 \u00fer\u00f3ast \u00ed krefjandi og spennandi umhverfi.<\/p><p>Vi\u00f0 viljum veita gestum t\u00e6kif\u00e6ri til a\u00f0 kynnast \u00f6flugu teymi HD \u00fear sem fagmennska og frams\u00e6kni fara saman!<\/p><p>Vi\u00f0 vonumst til a\u00f0 hitta sem flesta og eiga g\u00f3\u00f0 samt\u00f6l um \u00feau t\u00e6kif\u00e6ri sem HD hefur upp \u00e1 a\u00f0 bj\u00f3\u00f0a fyrir \u00fe\u00e1 sem hafa \u00e1huga \u00e1 a\u00f0 starfa vi\u00f0 i\u00f0n- og t\u00e6kni\u00fej\u00f3nustu.<\/p><p>Hvetjum alla \u00e1hugasama til a\u00f0 heilsa upp \u00e1 okkur \u00e1 <a href=\"https:\/\/tskoli.is\/frettir\/skrufudagurinn\/\" target=\"_blank\" rel=\"noopener\">Skr\u00fafudeginum<\/a>.<\/p>\t\t\t\t\t\t<\/div>\n\t\t\t\t<\/div>\n\t\t\t\t\t<\/div>\n\t\t<\/div>\n\t\t\t\t\t\t\t<\/div>\n\t\t<\/section>\n\t\t\t\t<section class=\"elementor-section elementor-top-section elementor-element elementor-element-58ed287 elementor-section-height-min-height elementor-section-items-top elementor-section-boxed elementor-section-height-default\" data-id=\"58ed287\" data-element_type=\"section\" data-settings=\"{&quot;jet_parallax_layout_list&quot;:[]}\">\n\t\t\t\t\t\t<div class=\"elementor-container elementor-column-gap-no\">\n\t\t\t\t\t<div class=\"elementor-column elementor-col-100 elementor-top-column elementor-element elementor-element-28b1797\" data-id=\"28b1797\" data-element_type=\"column\">\n\t\t\t<div class=\"elementor-widget-wrap elementor-element-populated\">\n\t\t\t\t\t\t\t\t<div class=\"elementor-element elementor-element-bf437e8 elementor-widget__width-initial elementor-absolute elementor-widget elementor-widget-text-editor\" data-id=\"bf437e8\" data-element_type=\"widget\" data-settings=\"{&quot;_position&quot;:&quot;absolute&quot;}\" data-widget_type=\"text-editor.default\">\n\t\t\t\t<div class=\"elementor-widget-container\">\n\t\t\t\t\t\t\t<p><strong>Ykkar \u00fearfir <br \/><\/strong><strong>&#8211; okkar<\/strong> <strong>drifkraftur !<\/strong><\/p>\t\t\t\t\t\t<\/div>\n\t\t\t\t<\/div>\n\t\t\t\t<div class=\"elementor-element elementor-element-c73fbef elementor-widget elementor-widget-image\" data-id=\"c73fbef\" data-element_type=\"widget\" data-widget_type=\"image.default\">\n\t\t\t\t<div class=\"elementor-widget-container\">\n\t\t\t\t\t\t\t\t\t\t\t\t\t\t\t<img width=\"800\" height=\"534\" src=\"https:\/\/hd.is\/wp-content\/uploads\/2025\/03\/taekniskoli-1024x683.jpg\" class=\"attachment-large size-large\" alt=\"\" loading=\"lazy\" srcset=\"https:\/\/hd.is\/wp-content\/uploads\/2025\/03\/taekniskoli-1024x683.jpg 1024w, https:\/\/hd.is\/wp-content\/uploads\/2025\/03\/taekniskoli-300x200.jpg 300w, https:\/\/hd.is\/wp-content\/uploads\/2025\/03\/taekniskoli-768x512.jpg 768w, https:\/\/hd.is\/wp-content\/uploads\/2025\/03\/taekniskoli-1536x1025.jpg 1536w, https:\/\/hd.is\/wp-content\/uploads\/2025\/03\/taekniskoli-18x12.jpg 18w, https:\/\/hd.is\/wp-content\/uploads\/2025\/03\/taekniskoli.jpg 2040w\" sizes=\"(max-width: 800px) 100vw, 800px\" \/>\t\t\t\t\t\t\t\t\t\t\t\t\t\t\t<\/div>\n\t\t\t\t<\/div>\n\t\t\t\t\t<\/div>\n\t\t<\/div>\n\t\t\t\t\t\t\t<\/div>\n\t\t<\/section>\n\t\t\t\t\t\t\t<\/div>","protected":false},"excerpt":{"rendered":"<p>HD ver\u00f0ur me\u00f0 \u00ed Skr\u00fafudeginum sem fram fer \u00ed T\u00e6knisk\u00f3lanum, laugardaginn 29. mars.<br \/>\nSkr\u00fafudagurinn er \u00e1rlegur kynningardagur nemenda \u00ed V\u00e9lt\u00e6kni- og Skipstj\u00f3rnarsk\u00f3la T\u00e6knisk\u00f3lans og hefur skapa\u00f0 s\u00e9r or\u00f0spor sem skemmtilegur og fr\u00e6\u00f0andi vi\u00f0bur\u00f0ur fyrir unga sem aldna. Vi\u00f0bur\u00f0urinn er einnig s\u00e9rstakur fyrir fyrrum nemendur sk\u00f3lans sem f\u00e1 t\u00e6kif\u00e6ri til a\u00f0 taka \u00fe\u00e1tt og rifja upp g\u00f3\u00f0ar minningar fr\u00e1 n\u00e1ms\u00e1runum.<\/p>","protected":false},"author":10,"featured_media":7429,"comment_status":"open","ping_status":"closed","sticky":false,"template":"elementor_theme","format":"standard","meta":{"button-type":"None","external-link-url":"","video-lightbox-url":"","button-color":"#FFD200","button-text":""},"categories":[47],"tags":[62,61,59],"_links":{"self":[{"href":"https:\/\/hd.is\/en\/wp-json\/wp\/v2\/posts\/7428"}],"collection":[{"href":"https:\/\/hd.is\/en\/wp-json\/wp\/v2\/posts"}],"about":[{"href":"https:\/\/hd.is\/en\/wp-json\/wp\/v2\/types\/post"}],"author":[{"embeddable":true,"href":"https:\/\/hd.is\/en\/wp-json\/wp\/v2\/users\/10"}],"replies":[{"embeddable":true,"href":"https:\/\/hd.is\/en\/wp-json\/wp\/v2\/comments?post=7428"}],"version-history":[{"count":7,"href":"https:\/\/hd.is\/en\/wp-json\/wp\/v2\/posts\/7428\/revisions"}],"predecessor-version":[{"id":7436,"href":"https:\/\/hd.is\/en\/wp-json\/wp\/v2\/posts\/7428\/revisions\/7436"}],"wp:featuredmedia":[{"embeddable":true,"href":"https:\/\/hd.is\/en\/wp-json\/wp\/v2\/media\/7429"}],"wp:attachment":[{"href":"https:\/\/hd.is\/en\/wp-json\/wp\/v2\/media?parent=7428"}],"wp:term":[{"taxonomy":"category","embeddable":true,"href":"https:\/\/hd.is\/en\/wp-json\/wp\/v2\/categories?post=7428"},{"taxonomy":"post_tag","embeddable":true,"href":"https:\/\/hd.is\/en\/wp-json\/wp\/v2\/tags?post=7428"}],"curies":[{"name":"wp","href":"https:\/\/api.w.org\/{rel}","templated":true}]}}